{"id":8187,"global_id":"concertosdoxacobeo.gal\/2025\/es\/?id=8187","global_id_lineage":["concertosdoxacobeo.gal\/2025\/es\/?id=8187"],"author":"1","status":"publish","date":"2025-04-01 19:08:03","date_utc":"2025-04-01 17:08:03","modified":"2025-04-03 18:36:59","modified_utc":"2025-04-03 16:36:59","url":"https:\/\/concertosdoxacobeo.gal\/2025\/es\/evento\/rio-verbena-fest\/2025-08-22\/","rest_url":"https:\/\/concertosdoxacobeo.gal\/2025\/es\/wp-json\/tribe\/events\/v1\/events\/8187","title":"R\u00edo Verbena Fest","description":"[vc_row type=\u00bbfull_width_background\u00bb full_screen_row_position=\u00bbmiddle\u00bb column_margin=\u00bbdefault\u00bb column_direction=\u00bbdefault\u00bb column_direction_tablet=\u00bbdefault\u00bb column_direction_phone=\u00bbdefault\u00bb scene_position=\u00bbcenter\u00bb text_color=\u00bbdark\u00bb text_align=\u00bbleft\u00bb row_border_radius=\u00bbnone\u00bb row_border_radius_applies=\u00bbbg\u00bb overflow=\u00bbvisible\u00bb advanced_gradient_angle=\u00bb0&#8243; overlay_strength=\u00bb0.3&#8243; gradient_direction=\u00bbleft_to_right\u00bb shape_divider_position=\u00bbbottom\u00bb bg_image_animation=\u00bbnone\u00bb gradient_type=\u00bbdefault\u00bb shape_type=\u00bb\u00bb][vc_column column_padding=\u00bbno-extra-padding\u00bb column_padding_tablet=\u00bbinherit\u00bb column_padding_phone=\u00bbinherit\u00bb column_padding_position=\u00bball\u00bb column_element_direction_desktop=\u00bbdefault\u00bb column_element_spacing=\u00bbdefault\u00bb desktop_text_alignment=\u00bbdefault\u00bb tablet_text_alignment=\u00bbdefault\u00bb phone_text_alignment=\u00bbdefault\u00bb background_color_opacity=\u00bb1&#8243; background_hover_color_opacity=\u00bb1&#8243; column_backdrop_filter=\u00bbnone\u00bb column_shadow=\u00bbnone\u00bb column_border_radius=\u00bbnone\u00bb column_link_target=\u00bb_self\u00bb column_position=\u00bbdefault\u00bb gradient_direction=\u00bbleft_to_right\u00bb overlay_strength=\u00bb0.3&#8243; width=\u00bb1\/1&#8243; tablet_width_inherit=\u00bbdefault\u00bb animation_type=\u00bbdefault\u00bb bg_image_animation=\u00bbnone\u00bb border_type=\u00bbsimple\u00bb column_border_width=\u00bbnone\u00bb column_border_style=\u00bbsolid\u00bb][nectar_global_section id=\u00bb7591&#8243;][\/vc_column][\/vc_row]","excerpt":"","slug":"rio-verbena-fest","image":{"url":"https:\/\/concertosdoxacobeo.gal\/2025\/wp-content\/uploads\/2025\/04\/rio-verbena-logo.jpg","id":7593,"extension":"jpg","width":1500,"height":1500,"filesize":486111,"sizes":{"medium":{"width":300,"height":300,"mime-type":"image\/jpeg","filesize":30786,"url":"https:\/\/concertosdoxacobeo.gal\/2025\/wp-content\/uploads\/2025\/04\/rio-verbena-logo-300x300.jpg"},"large":{"width":1024,"height":1024,"mime-type":"image\/jpeg","filesize":220247,"url":"https:\/\/concertosdoxacobeo.gal\/2025\/wp-content\/uploads\/2025\/04\/rio-verbena-logo-1024x1024.jpg"},"thumbnail":{"width":150,"height":150,"mime-type":"image\/jpeg","filesize":10864,"url":"https:\/\/concertosdoxacobeo.gal\/2025\/wp-content\/uploads\/2025\/04\/rio-verbena-logo-150x150.jpg"},"medium_large":{"width":768,"height":768,"mime-type":"image\/jpeg","filesize":140657,"url":"https:\/\/concertosdoxacobeo.gal\/2025\/wp-content\/uploads\/2025\/04\/rio-verbena-logo-768x768.jpg"},"portfolio-thumb":{"width":600,"height":403,"mime-type":"image\/jpeg","filesize":69671,"url":"https:\/\/concertosdoxacobeo.gal\/2025\/wp-content\/uploads\/2025\/04\/rio-verbena-logo-600x403.jpg"},"nectar_small_square":{"width":140,"height":140,"mime-type":"image\/jpeg","filesize":9851,"url":"https:\/\/concertosdoxacobeo.gal\/2025\/wp-content\/uploads\/2025\/04\/rio-verbena-logo-140x140.jpg"},"portfolio-thumb_large":{"width":900,"height":604,"mime-type":"image\/jpeg","filesize":128568,"url":"https:\/\/concertosdoxacobeo.gal\/2025\/wp-content\/uploads\/2025\/04\/rio-verbena-logo-900x604.jpg"},"portfolio-thumb_small":{"width":400,"height":269,"mime-type":"image\/jpeg","filesize":37575,"url":"https:\/\/concertosdoxacobeo.gal\/2025\/wp-content\/uploads\/2025\/04\/rio-verbena-logo-400x269.jpg"},"portfolio-widget":{"width":100,"height":100,"mime-type":"image\/jpeg","filesize":5664,"url":"https:\/\/concertosdoxacobeo.gal\/2025\/wp-content\/uploads\/2025\/04\/rio-verbena-logo-100x100.jpg"},"wide":{"width":1000,"height":500,"mime-type":"image\/jpeg","filesize":110482,"url":"https:\/\/concertosdoxacobeo.gal\/2025\/wp-content\/uploads\/2025\/04\/rio-verbena-logo-1000x500.jpg"},"wide_photography":{"width":900,"height":600,"mime-type":"image\/jpeg","filesize":126883,"url":"https:\/\/concertosdoxacobeo.gal\/2025\/wp-content\/uploads\/2025\/04\/rio-verbena-logo-900x600.jpg"},"wide_small":{"width":670,"height":335,"mime-type":"image\/jpeg","filesize":60146,"url":"https:\/\/concertosdoxacobeo.gal\/2025\/wp-content\/uploads\/2025\/04\/rio-verbena-logo-670x335.jpg"},"regular":{"width":500,"height":500,"mime-type":"image\/jpeg","filesize":73320,"url":"https:\/\/concertosdoxacobeo.gal\/2025\/wp-content\/uploads\/2025\/04\/rio-verbena-logo-500x500.jpg"},"regular_small":{"width":350,"height":350,"mime-type":"image\/jpeg","filesize":40392,"url":"https:\/\/concertosdoxacobeo.gal\/2025\/wp-content\/uploads\/2025\/04\/rio-verbena-logo-350x350.jpg"},"tall":{"width":500,"height":1000,"mime-type":"image\/jpeg","filesize":116552,"url":"https:\/\/concertosdoxacobeo.gal\/2025\/wp-content\/uploads\/2025\/04\/rio-verbena-logo-500x1000.jpg"},"wide_tall":{"width":1000,"height":1000,"mime-type":"image\/jpeg","filesize":214539,"url":"https:\/\/concertosdoxacobeo.gal\/2025\/wp-content\/uploads\/2025\/04\/rio-verbena-logo-1000x1000.jpg"},"large_featured":{"width":1500,"height":770,"mime-type":"image\/jpeg","filesize":213317,"url":"https:\/\/concertosdoxacobeo.gal\/2025\/wp-content\/uploads\/2025\/04\/rio-verbena-logo-1500x770.jpg"},"medium_featured":{"width":800,"height":800,"mime-type":"image\/jpeg","filesize":150212,"url":"https:\/\/concertosdoxacobeo.gal\/2025\/wp-content\/uploads\/2025\/04\/rio-verbena-logo-800x800.jpg"}}},"all_day":true,"start_date":"2025-08-22 03:00:00","start_date_details":{"year":"2025","month":"08","day":"22","hour":"03","minutes":"00","seconds":"00"},"end_date":"2025-08-23 02:59:59","end_date_details":{"year":"2025","month":"08","day":"23","hour":"02","minutes":"59","seconds":"59"},"utc_start_date":"2025-08-22 01:00:00","utc_start_date_details":{"year":"2025","month":"08","day":"22","hour":"01","minutes":"00","seconds":"00"},"utc_end_date":"2025-08-23 00:59:59","utc_end_date_details":{"year":"2025","month":"08","day":"23","hour":"00","minutes":"59","seconds":"59"},"timezone":"Europe\/Madrid","timezone_abbr":"CEST","cost":"","cost_details":{"currency_symbol":"","currency_code":"","currency_position":"suffix","values":[]},"website":"https:\/\/rioverbena.com\/","show_map":true,"show_map_link":true,"hide_from_listings":false,"sticky":false,"featured":false,"categories":[{"name":"Festivales","slug":"festivais","term_group":0,"term_taxonomy_id":38,"taxonomy":"tribe_events_cat","description":"","parent":0,"count":173,"filter":"raw","term_order":"0","id":38,"urls":{"self":"https:\/\/concertosdoxacobeo.gal\/2025\/es\/wp-json\/tribe\/events\/v1\/categories\/38","collection":"https:\/\/concertosdoxacobeo.gal\/2025\/es\/wp-json\/tribe\/events\/v1\/categories"}}],"tags":[],"venue":{"id":8194,"author":"1","status":"publish","date":"2025-04-01 19:12:10","date_utc":"2025-04-01 17:12:10","modified":"2025-04-01 19:12:10","modified_utc":"2025-04-01 17:12:10","url":"https:\/\/concertosdoxacobeo.gal\/2025\/es\/lugar\/recinto-feira-pontevedra\/","venue":"Recinto Feira, Pontevedra","slug":"recinto-feira-pontevedra","address":"Paseo Enxe\u00f1eiro Rafael Areses","country":"Spain","province":"Pontevedra","zip":"36005","stateprovince":"Pontevedra","geo_lat":42.435990971512,"geo_lng":-8.6394490367343,"json_ld":{"@type":"Place","name":"Recinto Feira, Pontevedra","description":"","url":"https:\/\/concertosdoxacobeo.gal\/2025\/es\/lugar\/recinto-feira-pontevedra\/","address":{"@type":"PostalAddress","streetAddress":"Paseo Enxe\u00f1eiro Rafael Areses","addressRegion":"Pontevedra","postalCode":"36005","addressCountry":"Spain"},"geo":{"@type":"GeoCoordinates","latitude":42.435990971512,"longitude":-8.6394490367343},"telephone":"","sameAs":""},"show_map":true,"show_map_link":true,"global_id":"concertosdoxacobeo.gal\/2025\/es\/?id=8194","global_id_lineage":["concertosdoxacobeo.gal\/2025\/es\/?id=8194"]},"organizer":[{"id":8367,"author":"1","status":"publish","date":"2025-04-01 19:10:05","date_utc":"2025-04-01 17:10:05","modified":"2025-04-01 19:10:05","modified_utc":"2025-04-01 17:10:05","url":"https:\/\/concertosdoxacobeo.gal\/2025\/es\/organizador\/coque-malla\/","organizer":"Coque Malla","slug":"coque-malla","json_ld":{"@type":"Person","name":"Coque Malla","description":"","url":"","telephone":"","email":"","sameAs":""},"global_id":"concertosdoxacobeo.gal\/2025\/es\/?id=8367","global_id_lineage":["concertosdoxacobeo.gal\/2025\/es\/?id=8367"]},{"id":8366,"author":"1","status":"publish","date":"2025-04-01 19:10:05","date_utc":"2025-04-01 17:10:05","modified":"2025-04-01 19:10:05","modified_utc":"2025-04-01 17:10:05","url":"https:\/\/concertosdoxacobeo.gal\/2025\/es\/organizador\/alvaro-de-luna\/","organizer":"\u00c1lvaro de Luna","slug":"alvaro-de-luna","json_ld":{"@type":"Person","name":"\u00c1lvaro de Luna","description":"","url":"","telephone":"","email":"","sameAs":""},"global_id":"concertosdoxacobeo.gal\/2025\/es\/?id=8366","global_id_lineage":["concertosdoxacobeo.gal\/2025\/es\/?id=8366"]},{"id":6981,"author":"1","status":"publish","date":"2024-07-27 12:58:05","date_utc":"2024-07-27 10:58:05","modified":"2024-07-27 12:58:05","modified_utc":"2024-07-27 10:58:05","url":"https:\/\/concertosdoxacobeo.gal\/2025\/es\/organizador\/nil-moliner\/","organizer":"Nil Moliner","slug":"nil-moliner","json_ld":{"@type":"Person","name":"Nil Moliner","description":"","url":"","telephone":"","email":"","sameAs":""},"global_id":"concertosdoxacobeo.gal\/2025\/es\/?id=6981","global_id_lineage":["concertosdoxacobeo.gal\/2025\/es\/?id=6981"]},{"id":6962,"author":"1","status":"publish","date":"2024-07-27 12:45:49","date_utc":"2024-07-27 10:45:49","modified":"2024-07-27 12:45:49","modified_utc":"2024-07-27 10:45:49","url":"https:\/\/concertosdoxacobeo.gal\/2025\/es\/organizador\/andres-suarez\/","organizer":"Andr\u00e9s Su\u00e1rez","slug":"andres-suarez","json_ld":{"@type":"Person","name":"Andr\u00e9s Su\u00e1rez","description":"","url":"","telephone":"","email":"","sameAs":""},"global_id":"concertosdoxacobeo.gal\/2025\/es\/?id=6962","global_id_lineage":["concertosdoxacobeo.gal\/2025\/es\/?id=6962"]},{"id":6949,"author":"1","status":"publish","date":"2024-07-27 12:40:00","date_utc":"2024-07-27 10:40:00","modified":"2024-07-27 12:40:00","modified_utc":"2024-07-27 10:40:00","url":"https:\/\/concertosdoxacobeo.gal\/2025\/es\/organizador\/carlos-sadness\/","organizer":"Carlos Sadness","slug":"carlos-sadness","json_ld":{"@type":"Person","name":"Carlos Sadness","description":"","url":"","telephone":"","email":"","sameAs":""},"global_id":"concertosdoxacobeo.gal\/2025\/es\/?id=6949","global_id_lineage":["concertosdoxacobeo.gal\/2025\/es\/?id=6949"]},{"id":8359,"author":"1","status":"publish","date":"2025-04-01 19:00:39","date_utc":"2025-04-01 17:00:39","modified":"2025-04-01 19:00:39","modified_utc":"2025-04-01 17:00:39","url":"https:\/\/concertosdoxacobeo.gal\/2025\/es\/organizador\/pignoise\/","organizer":"Pignoise","slug":"pignoise","json_ld":{"@type":"Person","name":"Pignoise","description":"","url":"","telephone":"","email":"","sameAs":""},"global_id":"concertosdoxacobeo.gal\/2025\/es\/?id=8359","global_id_lineage":["concertosdoxacobeo.gal\/2025\/es\/?id=8359"]},{"id":8365,"author":"1","status":"publish","date":"2025-04-01 19:10:05","date_utc":"2025-04-01 17:10:05","modified":"2025-04-01 19:10:05","modified_utc":"2025-04-01 17:10:05","url":"https:\/\/concertosdoxacobeo.gal\/2025\/es\/organizador\/ysy-a\/","organizer":"YSY A","slug":"ysy-a","json_ld":{"@type":"Person","name":"YSY A","description":"","url":"","telephone":"","email":"","sameAs":""},"global_id":"concertosdoxacobeo.gal\/2025\/es\/?id=8365","global_id_lineage":["concertosdoxacobeo.gal\/2025\/es\/?id=8365"]},{"id":5549,"author":"1","status":"publish","date":"2024-07-23 22:52:52","date_utc":"2024-07-23 20:52:52","modified":"2024-07-23 22:52:52","modified_utc":"2024-07-23 20:52:52","url":"https:\/\/concertosdoxacobeo.gal\/2025\/es\/organizador\/malmo-040\/","organizer":"M\u00e4lmo 040","slug":"malmo-040","json_ld":{"@type":"Person","name":"M\u00e4lmo 040","description":"","url":"","telephone":"","email":"","sameAs":""},"global_id":"concertosdoxacobeo.gal\/2025\/es\/?id=5549","global_id_lineage":["concertosdoxacobeo.gal\/2025\/es\/?id=5549"]},{"id":8368,"author":"1","status":"publish","date":"2025-04-01 19:10:06","date_utc":"2025-04-01 17:10:06","modified":"2025-04-01 19:10:06","modified_utc":"2025-04-01 17:10:06","url":"https:\/\/concertosdoxacobeo.gal\/2025\/es\/organizador\/efecto-pasillo\/","organizer":"Efecto Pasillo","slug":"efecto-pasillo","json_ld":{"@type":"Person","name":"Efecto Pasillo","description":"","url":"","telephone":"","email":"","sameAs":""},"global_id":"concertosdoxacobeo.gal\/2025\/es\/?id=8368","global_id_lineage":["concertosdoxacobeo.gal\/2025\/es\/?id=8368"]},{"id":8309,"author":"1","status":"publish","date":"2025-04-01 18:36:30","date_utc":"2025-04-01 16:36:30","modified":"2025-04-01 18:36:30","modified_utc":"2025-04-01 16:36:30","url":"https:\/\/concertosdoxacobeo.gal\/2025\/es\/organizador\/carla-lourdes\/","organizer":"Carla Lourdes","slug":"carla-lourdes","json_ld":{"@type":"Person","name":"Carla Lourdes","description":"","url":"","telephone":"","email":"","sameAs":""},"global_id":"concertosdoxacobeo.gal\/2025\/es\/?id=8309","global_id_lineage":["concertosdoxacobeo.gal\/2025\/es\/?id=8309"]},{"id":8265,"author":"1","status":"publish","date":"2025-04-01 18:12:55","date_utc":"2025-04-01 16:12:55","modified":"2025-04-01 18:12:55","modified_utc":"2025-04-01 16:12:55","url":"https:\/\/concertosdoxacobeo.gal\/2025\/es\/organizador\/tain\/","organizer":"Ta\u00efn","slug":"tain","json_ld":{"@type":"Person","name":"Ta\u00efn","description":"","url":"","telephone":"","email":"","sameAs":""},"global_id":"concertosdoxacobeo.gal\/2025\/es\/?id=8265","global_id_lineage":["concertosdoxacobeo.gal\/2025\/es\/?id=8265"]}],"json_ld":{"@context":"http:\/\/schema.org","@type":"Event","name":"R\u00edo Verbena Fest","description":"","image":"https:\/\/concertosdoxacobeo.gal\/2025\/wp-content\/uploads\/2025\/04\/rio-verbena-logo.jpg","url":"https:\/\/concertosdoxacobeo.gal\/2025\/es\/evento\/rio-verbena-fest\/2025-08-22\/","eventAttendanceMode":"https:\/\/schema.org\/OfflineEventAttendanceMode","startDate":"2025-08-22T03:00:00+02:00","endDate":"2025-08-23T02:59:59+02:00","location":{"@type":"Place","name":"Recinto Feira, Pontevedra","description":"","url":"https:\/\/concertosdoxacobeo.gal\/2025\/es\/lugar\/recinto-feira-pontevedra\/","address":{"@type":"PostalAddress","streetAddress":"Paseo Enxe\u00f1eiro Rafael Areses","addressRegion":"Pontevedra","postalCode":"36005","addressCountry":"Spain"},"geo":{"@type":"GeoCoordinates","latitude":42.435990971512,"longitude":-8.6394490367343},"telephone":"","sameAs":""},"organizer":{"@type":"Person","name":"Coque Malla","description":"","url":"","telephone":"","email":"","sameAs":""},"performer":"Organization"}}