{"id":1115,"global_id":"concertosdoxacobeo.gal\/2021?id=1115","global_id_lineage":["concertosdoxacobeo.gal\/2021?id=1115"],"author":"1","status":"publish","date":"2022-08-03 18:49:57","date_utc":"2022-08-03 16:49:57","modified":"2022-08-17 22:15:34","modified_utc":"2022-08-17 20:15:34","url":"https:\/\/concertosdoxacobeo.gal\/2021\/evento\/fisterra-blues-experience\/2022-06-10\/","rest_url":"https:\/\/concertosdoxacobeo.gal\/2021\/wp-json\/tribe\/events\/v1\/events\/1115","title":"Fisterra Blues Experience","description":"[vc_row type=&#8221;full_width_background&#8221; full_screen_row_position=&#8221;middle&#8221; column_margin=&#8221;default&#8221; column_direction=&#8221;default&#8221; column_direction_tablet=&#8221;default&#8221; column_direction_phone=&#8221;default&#8221; scene_position=&#8221;center&#8221; text_color=&#8221;dark&#8221; text_align=&#8221;left&#8221; row_border_radius=&#8221;none&#8221; row_border_radius_applies=&#8221;bg&#8221; overflow=&#8221;visible&#8221; advanced_gradient_angle=&#8221;0&#8243; overlay_strength=&#8221;0.3&#8243; gradient_direction=&#8221;left_to_right&#8221; shape_divider_position=&#8221;bottom&#8221; bg_image_animation=&#8221;none&#8221; gradient_type=&#8221;default&#8221; shape_type=&#8221;&#8221;][vc_column column_padding=&#8221;no-extra-padding&#8221; column_padding_tablet=&#8221;inherit&#8221; column_padding_phone=&#8221;inherit&#8221; column_padding_position=&#8221;all&#8221; column_element_spacing=&#8221;default&#8221; background_color_opacity=&#8221;1&#8243; background_hover_color_opacity=&#8221;1&#8243; column_shadow=&#8221;none&#8221; column_border_radius=&#8221;none&#8221; column_link_target=&#8221;_self&#8221; column_position=&#8221;default&#8221; gradient_direction=&#8221;left_to_right&#8221; overlay_strength=&#8221;0.3&#8243; width=&#8221;1\/1&#8243; tablet_width_inherit=&#8221;default&#8221; tablet_text_alignment=&#8221;default&#8221; phone_text_alignment=&#8221;default&#8221; animation_type=&#8221;default&#8221; bg_image_animation=&#8221;none&#8221; border_type=&#8221;simple&#8221; column_border_width=&#8221;none&#8221; column_border_style=&#8221;solid&#8221;][nectar_global_section id=&#8221;1133&#8243;][\/vc_column][\/vc_row]","excerpt":"","slug":"fisterra-blues-experience","image":{"url":"https:\/\/concertosdoxacobeo.gal\/2021\/wp-content\/uploads\/2022\/08\/logo-fisterra-blues.jpg","id":1116,"extension":"jpg","width":1500,"height":1500,"filesize":126307,"sizes":{"medium":{"width":300,"height":300,"mime-type":"image\/jpeg","filesize":16787,"url":"https:\/\/concertosdoxacobeo.gal\/2021\/wp-content\/uploads\/2022\/08\/logo-fisterra-blues-300x300.jpg"},"large":{"width":1024,"height":1024,"mime-type":"image\/jpeg","filesize":69271,"url":"https:\/\/concertosdoxacobeo.gal\/2021\/wp-content\/uploads\/2022\/08\/logo-fisterra-blues-1024x1024.jpg"},"thumbnail":{"width":150,"height":150,"mime-type":"image\/jpeg","filesize":6906,"url":"https:\/\/concertosdoxacobeo.gal\/2021\/wp-content\/uploads\/2022\/08\/logo-fisterra-blues-150x150.jpg"},"medium_large":{"width":768,"height":768,"mime-type":"image\/jpeg","filesize":50441,"url":"https:\/\/concertosdoxacobeo.gal\/2021\/wp-content\/uploads\/2022\/08\/logo-fisterra-blues-768x768.jpg"},"portfolio-thumb_large":{"width":900,"height":604,"mime-type":"image\/jpeg","filesize":56862,"url":"https:\/\/concertosdoxacobeo.gal\/2021\/wp-content\/uploads\/2022\/08\/logo-fisterra-blues-900x604.jpg"},"portfolio-thumb":{"width":600,"height":403,"mime-type":"image\/jpeg","filesize":36301,"url":"https:\/\/concertosdoxacobeo.gal\/2021\/wp-content\/uploads\/2022\/08\/logo-fisterra-blues-600x403.jpg"},"portfolio-thumb_small":{"width":400,"height":269,"mime-type":"image\/jpeg","filesize":23512,"url":"https:\/\/concertosdoxacobeo.gal\/2021\/wp-content\/uploads\/2022\/08\/logo-fisterra-blues-400x269.jpg"},"portfolio-widget":{"width":100,"height":100,"mime-type":"image\/jpeg","filesize":3874,"url":"https:\/\/concertosdoxacobeo.gal\/2021\/wp-content\/uploads\/2022\/08\/logo-fisterra-blues-100x100.jpg"},"nectar_small_square":{"width":140,"height":140,"mime-type":"image\/jpeg","filesize":6230,"url":"https:\/\/concertosdoxacobeo.gal\/2021\/wp-content\/uploads\/2022\/08\/logo-fisterra-blues-140x140.jpg"},"wide":{"width":1000,"height":500,"mime-type":"image\/jpeg","filesize":50388,"url":"https:\/\/concertosdoxacobeo.gal\/2021\/wp-content\/uploads\/2022\/08\/logo-fisterra-blues-1000x500.jpg"},"wide_small":{"width":670,"height":335,"mime-type":"image\/jpeg","filesize":32606,"url":"https:\/\/concertosdoxacobeo.gal\/2021\/wp-content\/uploads\/2022\/08\/logo-fisterra-blues-670x335.jpg"},"regular":{"width":500,"height":500,"mime-type":"image\/jpeg","filesize":31209,"url":"https:\/\/concertosdoxacobeo.gal\/2021\/wp-content\/uploads\/2022\/08\/logo-fisterra-blues-500x500.jpg"},"regular_small":{"width":350,"height":350,"mime-type":"image\/jpeg","filesize":20487,"url":"https:\/\/concertosdoxacobeo.gal\/2021\/wp-content\/uploads\/2022\/08\/logo-fisterra-blues-350x350.jpg"},"tall":{"width":500,"height":1000,"mime-type":"image\/jpeg","filesize":37862,"url":"https:\/\/concertosdoxacobeo.gal\/2021\/wp-content\/uploads\/2022\/08\/logo-fisterra-blues-500x1000.jpg"},"wide_tall":{"width":1000,"height":1000,"mime-type":"image\/jpeg","filesize":67402,"url":"https:\/\/concertosdoxacobeo.gal\/2021\/wp-content\/uploads\/2022\/08\/logo-fisterra-blues-1000x1000.jpg"},"wide_photography":{"width":900,"height":600,"mime-type":"image\/jpeg","filesize":56444,"url":"https:\/\/concertosdoxacobeo.gal\/2021\/wp-content\/uploads\/2022\/08\/logo-fisterra-blues-900x600.jpg"},"large_featured":{"width":1500,"height":770,"mime-type":"image\/jpeg","filesize":83264,"url":"https:\/\/concertosdoxacobeo.gal\/2021\/wp-content\/uploads\/2022\/08\/logo-fisterra-blues-1500x770.jpg"},"medium_featured":{"width":800,"height":800,"mime-type":"image\/jpeg","filesize":52833,"url":"https:\/\/concertosdoxacobeo.gal\/2021\/wp-content\/uploads\/2022\/08\/logo-fisterra-blues-800x800.jpg"}}},"all_day":true,"start_date":"2022-06-10 03:00:00","start_date_details":{"year":"2022","month":"06","day":"10","hour":"03","minutes":"00","seconds":"00"},"end_date":"2022-06-11 02:59:59","end_date_details":{"year":"2022","month":"06","day":"11","hour":"02","minutes":"59","seconds":"59"},"utc_start_date":"2022-06-10 01:00:00","utc_start_date_details":{"year":"2022","month":"06","day":"10","hour":"01","minutes":"00","seconds":"00"},"utc_end_date":"2022-06-11 00:59:59","utc_end_date_details":{"year":"2022","month":"06","day":"11","hour":"00","minutes":"59","seconds":"59"},"timezone":"Europe\/Madrid","timezone_abbr":"CEST","cost":"18\u20ac - 35\u20ac","cost_details":{"currency_symbol":"","currency_code":"","currency_position":"suffix","values":["18","35"]},"website":"https:\/\/www.enterticket.es\/eventos\/fisterra-blues-experience-2022-315621","show_map":true,"show_map_link":true,"hide_from_listings":false,"sticky":false,"featured":false,"categories":[{"name":"Festivais","slug":"festivais","term_group":0,"term_taxonomy_id":18,"taxonomy":"tribe_events_cat","description":"","parent":0,"count":123,"filter":"raw","term_order":"0","id":18,"urls":{"self":"https:\/\/concertosdoxacobeo.gal\/2021\/wp-json\/tribe\/events\/v1\/categories\/18","collection":"https:\/\/concertosdoxacobeo.gal\/2021\/wp-json\/tribe\/events\/v1\/categories"}}],"tags":[],"venue":{"id":1121,"author":"1","status":"publish","date":"2022-08-04 20:26:51","date_utc":"2022-08-04 18:26:51","modified":"2022-08-08 11:39:19","modified_utc":"2022-08-08 09:39:19","url":"https:\/\/concertosdoxacobeo.gal\/2021\/recinto\/campo-ara-solis\/","venue":"Campo Ara Solis, Fisterra","slug":"campo-ara-solis","address":"Aldea San Marti\u00f1o de Abaixo, 70","country":"Spain","province":"A Coru\u00f1a","zip":"15155","phone":"Y otros 3 escenarios: R\u00faa R\u00edo Novo, Lonja y O Sem\u00e1foro de Fisterra.","stateprovince":"A Coru\u00f1a","geo_lat":42.914756725992,"geo_lng":-9.2702639790839,"json_ld":{"@type":"Place","name":"Campo Ara Solis, Fisterra","description":"","url":"https:\/\/concertosdoxacobeo.gal\/2021\/recinto\/campo-ara-solis\/","address":{"@type":"PostalAddress","streetAddress":"Aldea San Marti\u00f1o de Abaixo, 70","addressRegion":"A Coru\u00f1a","postalCode":"15155","addressCountry":"Spain"},"geo":{"@type":"GeoCoordinates","latitude":42.914756725992,"longitude":-9.2702639790839},"telephone":"Y otros 3 escenarios: R\u00faa R\u00edo Novo, Lonja y O Sem\u00e1foro de Fisterra.","sameAs":""},"show_map":true,"show_map_link":true,"global_id":"concertosdoxacobeo.gal\/2021?id=1121","global_id_lineage":["concertosdoxacobeo.gal\/2021?id=1121"]},"organizer":[{"id":734,"author":"1","status":"publish","date":"2022-08-03 22:16:01","date_utc":"2022-08-03 20:16:01","modified":"2022-08-03 22:16:01","modified_utc":"2022-08-03 20:16:01","url":"https:\/\/concertosdoxacobeo.gal\/2021\/protagonista\/ilegales\/","organizer":"Ilegales","slug":"ilegales","website":"https:\/\/www.ilegalesrock.com","json_ld":{"@type":"Person","name":"Ilegales","description":"","url":"https:\/\/www.ilegalesrock.com","telephone":"","email":"","sameAs":"https:\/\/www.ilegalesrock.com"},"global_id":"concertosdoxacobeo.gal\/2021?id=734","global_id_lineage":["concertosdoxacobeo.gal\/2021?id=734"]},{"id":1122,"author":"1","status":"publish","date":"2022-08-04 20:26:52","date_utc":"2022-08-04 18:26:52","modified":"2022-08-04 20:26:52","modified_utc":"2022-08-04 18:26:52","url":"https:\/\/concertosdoxacobeo.gal\/2021\/protagonista\/j-p-bimeni-the-black-belts\/","organizer":"J.P. Bimeni &#038; The Black Belts","slug":"j-p-bimeni-the-black-belts","json_ld":{"@type":"Person","name":"J.P. Bimeni &#038; The Black Belts","description":"","url":"","telephone":"","email":"","sameAs":""},"global_id":"concertosdoxacobeo.gal\/2021?id=1122","global_id_lineage":["concertosdoxacobeo.gal\/2021?id=1122"]},{"id":1123,"author":"1","status":"publish","date":"2022-08-04 20:26:52","date_utc":"2022-08-04 18:26:52","modified":"2022-08-04 20:26:52","modified_utc":"2022-08-04 18:26:52","url":"https:\/\/concertosdoxacobeo.gal\/2021\/protagonista\/de-vacas\/","organizer":"De Vacas","slug":"de-vacas","json_ld":{"@type":"Person","name":"De Vacas","description":"","url":"","telephone":"","email":"","sameAs":""},"global_id":"concertosdoxacobeo.gal\/2021?id=1123","global_id_lineage":["concertosdoxacobeo.gal\/2021?id=1123"]},{"id":1124,"author":"1","status":"publish","date":"2022-08-04 20:26:52","date_utc":"2022-08-04 18:26:52","modified":"2022-08-04 20:26:52","modified_utc":"2022-08-04 18:26:52","url":"https:\/\/concertosdoxacobeo.gal\/2021\/protagonista\/al-dual\/","organizer":"Al Dual","slug":"al-dual","json_ld":{"@type":"Person","name":"Al Dual","description":"","url":"","telephone":"","email":"","sameAs":""},"global_id":"concertosdoxacobeo.gal\/2021?id=1124","global_id_lineage":["concertosdoxacobeo.gal\/2021?id=1124"]},{"id":1125,"author":"1","status":"publish","date":"2022-08-04 20:26:53","date_utc":"2022-08-04 18:26:53","modified":"2022-08-04 20:26:53","modified_utc":"2022-08-04 18:26:53","url":"https:\/\/concertosdoxacobeo.gal\/2021\/protagonista\/adrian-costa-blues-band\/","organizer":"Adri\u00e1n Costa Blues Band","slug":"adrian-costa-blues-band","json_ld":{"@type":"Person","name":"Adri\u00e1n Costa Blues Band","description":"","url":"","telephone":"","email":"","sameAs":""},"global_id":"concertosdoxacobeo.gal\/2021?id=1125","global_id_lineage":["concertosdoxacobeo.gal\/2021?id=1125"]},{"id":922,"author":"1","status":"publish","date":"2022-08-04 10:45:47","date_utc":"2022-08-04 08:45:47","modified":"2022-08-04 10:45:47","modified_utc":"2022-08-04 08:45:47","url":"https:\/\/concertosdoxacobeo.gal\/2021\/protagonista\/guadi-galego\/","organizer":"Guadi Galego","slug":"guadi-galego","json_ld":{"@type":"Person","name":"Guadi Galego","description":"","url":"","telephone":"","email":"","sameAs":""},"global_id":"concertosdoxacobeo.gal\/2021?id=922","global_id_lineage":["concertosdoxacobeo.gal\/2021?id=922"]},{"id":1126,"author":"1","status":"publish","date":"2022-08-04 20:26:53","date_utc":"2022-08-04 18:26:53","modified":"2022-08-04 20:26:53","modified_utc":"2022-08-04 18:26:53","url":"https:\/\/concertosdoxacobeo.gal\/2021\/protagonista\/mad-martin-trio\/","organizer":"Mad Martin Tr\u00edo","slug":"mad-martin-trio","json_ld":{"@type":"Person","name":"Mad Martin Tr\u00edo","description":"","url":"","telephone":"","email":"","sameAs":""},"global_id":"concertosdoxacobeo.gal\/2021?id=1126","global_id_lineage":["concertosdoxacobeo.gal\/2021?id=1126"]},{"id":1127,"author":"1","status":"publish","date":"2022-08-04 20:26:53","date_utc":"2022-08-04 18:26:53","modified":"2022-08-04 20:26:53","modified_utc":"2022-08-04 18:26:53","url":"https:\/\/concertosdoxacobeo.gal\/2021\/protagonista\/tato-espino\/","organizer":"Tato &#038; Espi\u00f1o","slug":"tato-espino","json_ld":{"@type":"Person","name":"Tato &#038; Espi\u00f1o","description":"","url":"","telephone":"","email":"","sameAs":""},"global_id":"concertosdoxacobeo.gal\/2021?id=1127","global_id_lineage":["concertosdoxacobeo.gal\/2021?id=1127"]},{"id":1128,"author":"1","status":"publish","date":"2022-08-04 20:26:53","date_utc":"2022-08-04 18:26:53","modified":"2022-08-04 20:26:53","modified_utc":"2022-08-04 18:26:53","url":"https:\/\/concertosdoxacobeo.gal\/2021\/protagonista\/little-neno\/","organizer":"Little Neno","slug":"little-neno","json_ld":{"@type":"Person","name":"Little Neno","description":"","url":"","telephone":"","email":"","sameAs":""},"global_id":"concertosdoxacobeo.gal\/2021?id=1128","global_id_lineage":["concertosdoxacobeo.gal\/2021?id=1128"]},{"id":1129,"author":"1","status":"publish","date":"2022-08-04 20:26:54","date_utc":"2022-08-04 18:26:54","modified":"2022-08-04 20:26:54","modified_utc":"2022-08-04 18:26:54","url":"https:\/\/concertosdoxacobeo.gal\/2021\/protagonista\/fisterra-house-band-feat-deguello\/","organizer":"Fisterra House Band feat. Deg\u00fcello","slug":"fisterra-house-band-feat-deguello","json_ld":{"@type":"Person","name":"Fisterra House Band feat. Deg\u00fcello","description":"","url":"","telephone":"","email":"","sameAs":""},"global_id":"concertosdoxacobeo.gal\/2021?id=1129","global_id_lineage":["concertosdoxacobeo.gal\/2021?id=1129"]},{"id":1130,"author":"1","status":"publish","date":"2022-08-04 20:26:54","date_utc":"2022-08-04 18:26:54","modified":"2022-08-04 20:26:54","modified_utc":"2022-08-04 18:26:54","url":"https:\/\/concertosdoxacobeo.gal\/2021\/protagonista\/low-bay-hot-band\/","organizer":"Low Bay Hot Band","slug":"low-bay-hot-band","json_ld":{"@type":"Person","name":"Low Bay Hot Band","description":"","url":"","telephone":"","email":"","sameAs":""},"global_id":"concertosdoxacobeo.gal\/2021?id=1130","global_id_lineage":["concertosdoxacobeo.gal\/2021?id=1130"]}],"json_ld":{"@context":"http:\/\/schema.org","@type":"Event","name":"Fisterra Blues Experience","description":"","image":"https:\/\/concertosdoxacobeo.gal\/2021\/wp-content\/uploads\/2022\/08\/logo-fisterra-blues.jpg","url":"https:\/\/concertosdoxacobeo.gal\/2021\/evento\/fisterra-blues-experience\/2022-06-10\/","eventAttendanceMode":"https:\/\/schema.org\/OfflineEventAttendanceMode","startDate":"2022-06-10T03:00:00+02:00","endDate":"2022-06-11T02:59:59+02:00","location":{"@type":"Place","name":"Campo Ara Solis, Fisterra","description":"","url":"https:\/\/concertosdoxacobeo.gal\/2021\/recinto\/campo-ara-solis\/","address":{"@type":"PostalAddress","streetAddress":"Aldea San Marti\u00f1o de Abaixo, 70","addressRegion":"A Coru\u00f1a","postalCode":"15155","addressCountry":"Spain"},"geo":{"@type":"GeoCoordinates","latitude":42.914756725992,"longitude":-9.2702639790839},"telephone":"Y otros 3 escenarios: R\u00faa R\u00edo Novo, Lonja y O Sem\u00e1foro de Fisterra.","sameAs":""},"organizer":{"@type":"Person","name":"Ilegales","description":"","url":"https:\/\/www.ilegalesrock.com","telephone":"","email":"","sameAs":"https:\/\/www.ilegalesrock.com"},"offers":{"@type":"Offer","price":"18 - 35","priceCurrency":"EUR","url":"https:\/\/concertosdoxacobeo.gal\/2021\/evento\/fisterra-blues-experience\/2022-06-10\/","category":"primary","availability":"inStock","validFrom":"1970-01-01T00:00:00+00:00"},"performer":"Organization"}}