{"id":1045,"global_id":"concertosdoxacobeo.gal\/2021?id=1045","global_id_lineage":["concertosdoxacobeo.gal\/2021?id=1045"],"author":"1","status":"publish","date":"2022-08-03 18:49:57","date_utc":"2022-08-03 16:49:57","modified":"2022-08-17 22:29:00","modified_utc":"2022-08-17 20:29:00","url":"https:\/\/concertosdoxacobeo.gal\/2021\/evento\/morrina-fest\/2022-07-15\/","rest_url":"https:\/\/concertosdoxacobeo.gal\/2021\/wp-json\/tribe\/events\/v1\/events\/1045","title":"Morri\u00f1a Fest","description":"[vc_row type=&#8221;full_width_background&#8221; full_screen_row_position=&#8221;middle&#8221; column_margin=&#8221;default&#8221; column_direction=&#8221;default&#8221; column_direction_tablet=&#8221;default&#8221; column_direction_phone=&#8221;default&#8221; scene_position=&#8221;center&#8221; text_color=&#8221;dark&#8221; text_align=&#8221;left&#8221; row_border_radius=&#8221;none&#8221; row_border_radius_applies=&#8221;bg&#8221; overflow=&#8221;visible&#8221; advanced_gradient_angle=&#8221;0&#8243; overlay_strength=&#8221;0.3&#8243; gradient_direction=&#8221;left_to_right&#8221; shape_divider_position=&#8221;bottom&#8221; bg_image_animation=&#8221;none&#8221; gradient_type=&#8221;default&#8221; shape_type=&#8221;&#8221;][vc_column column_padding=&#8221;no-extra-padding&#8221; column_padding_tablet=&#8221;inherit&#8221; column_padding_phone=&#8221;inherit&#8221; column_padding_position=&#8221;all&#8221; column_element_spacing=&#8221;default&#8221; background_color_opacity=&#8221;1&#8243; background_hover_color_opacity=&#8221;1&#8243; column_shadow=&#8221;none&#8221; column_border_radius=&#8221;none&#8221; column_link_target=&#8221;_self&#8221; column_position=&#8221;default&#8221; gradient_direction=&#8221;left_to_right&#8221; overlay_strength=&#8221;0.3&#8243; width=&#8221;1\/1&#8243; tablet_width_inherit=&#8221;default&#8221; tablet_text_alignment=&#8221;default&#8221; phone_text_alignment=&#8221;default&#8221; animation_type=&#8221;default&#8221; bg_image_animation=&#8221;none&#8221; border_type=&#8221;simple&#8221; column_border_width=&#8221;none&#8221; column_border_style=&#8221;solid&#8221;][nectar_global_section id=&#8221;1043&#8243;][\/vc_column][\/vc_row]","excerpt":"","slug":"morrina-fest","image":{"url":"https:\/\/concertosdoxacobeo.gal\/2021\/wp-content\/uploads\/2022\/08\/logo-morrina.jpg","id":574,"extension":"jpg","width":1500,"height":1500,"filesize":133594,"sizes":{"medium":{"width":300,"height":300,"mime-type":"image\/jpeg","filesize":14048,"url":"https:\/\/concertosdoxacobeo.gal\/2021\/wp-content\/uploads\/2022\/08\/logo-morrina-300x300.jpg"},"large":{"width":1024,"height":1024,"mime-type":"image\/jpeg","filesize":60227,"url":"https:\/\/concertosdoxacobeo.gal\/2021\/wp-content\/uploads\/2022\/08\/logo-morrina-1024x1024.jpg"},"thumbnail":{"width":150,"height":150,"mime-type":"image\/jpeg","filesize":5562,"url":"https:\/\/concertosdoxacobeo.gal\/2021\/wp-content\/uploads\/2022\/08\/logo-morrina-150x150.jpg"},"medium_large":{"width":768,"height":768,"mime-type":"image\/jpeg","filesize":40965,"url":"https:\/\/concertosdoxacobeo.gal\/2021\/wp-content\/uploads\/2022\/08\/logo-morrina-768x768.jpg"},"portfolio-thumb_large":{"width":900,"height":604,"mime-type":"image\/jpeg","filesize":42909,"url":"https:\/\/concertosdoxacobeo.gal\/2021\/wp-content\/uploads\/2022\/08\/logo-morrina-900x604.jpg"},"portfolio-thumb":{"width":600,"height":403,"mime-type":"image\/jpeg","filesize":26608,"url":"https:\/\/concertosdoxacobeo.gal\/2021\/wp-content\/uploads\/2022\/08\/logo-morrina-600x403.jpg"},"portfolio-thumb_small":{"width":400,"height":269,"mime-type":"image\/jpeg","filesize":17186,"url":"https:\/\/concertosdoxacobeo.gal\/2021\/wp-content\/uploads\/2022\/08\/logo-morrina-400x269.jpg"},"portfolio-widget":{"width":100,"height":100,"mime-type":"image\/jpeg","filesize":3191,"url":"https:\/\/concertosdoxacobeo.gal\/2021\/wp-content\/uploads\/2022\/08\/logo-morrina-100x100.jpg"},"nectar_small_square":{"width":140,"height":140,"mime-type":"image\/jpeg","filesize":5071,"url":"https:\/\/concertosdoxacobeo.gal\/2021\/wp-content\/uploads\/2022\/08\/logo-morrina-140x140.jpg"},"wide":{"width":1000,"height":500,"mime-type":"image\/jpeg","filesize":45029,"url":"https:\/\/concertosdoxacobeo.gal\/2021\/wp-content\/uploads\/2022\/08\/logo-morrina-1000x500.jpg"},"wide_small":{"width":670,"height":335,"mime-type":"image\/jpeg","filesize":28292,"url":"https:\/\/concertosdoxacobeo.gal\/2021\/wp-content\/uploads\/2022\/08\/logo-morrina-670x335.jpg"},"regular":{"width":500,"height":500,"mime-type":"image\/jpeg","filesize":24993,"url":"https:\/\/concertosdoxacobeo.gal\/2021\/wp-content\/uploads\/2022\/08\/logo-morrina-500x500.jpg"},"regular_small":{"width":350,"height":350,"mime-type":"image\/jpeg","filesize":16791,"url":"https:\/\/concertosdoxacobeo.gal\/2021\/wp-content\/uploads\/2022\/08\/logo-morrina-350x350.jpg"},"tall":{"width":500,"height":1000,"mime-type":"image\/jpeg","filesize":34433,"url":"https:\/\/concertosdoxacobeo.gal\/2021\/wp-content\/uploads\/2022\/08\/logo-morrina-500x1000.jpg"},"wide_tall":{"width":1000,"height":1000,"mime-type":"image\/jpeg","filesize":59112,"url":"https:\/\/concertosdoxacobeo.gal\/2021\/wp-content\/uploads\/2022\/08\/logo-morrina-1000x1000.jpg"},"wide_photography":{"width":900,"height":600,"mime-type":"image\/jpeg","filesize":42787,"url":"https:\/\/concertosdoxacobeo.gal\/2021\/wp-content\/uploads\/2022\/08\/logo-morrina-900x600.jpg"},"large_featured":{"width":1500,"height":770,"mime-type":"image\/jpeg","filesize":81813,"url":"https:\/\/concertosdoxacobeo.gal\/2021\/wp-content\/uploads\/2022\/08\/logo-morrina-1500x770.jpg"},"medium_featured":{"width":800,"height":800,"mime-type":"image\/jpeg","filesize":43485,"url":"https:\/\/concertosdoxacobeo.gal\/2021\/wp-content\/uploads\/2022\/08\/logo-morrina-800x800.jpg"}}},"all_day":true,"start_date":"2022-07-15 03:00:00","start_date_details":{"year":"2022","month":"07","day":"15","hour":"03","minutes":"00","seconds":"00"},"end_date":"2022-07-16 02:59:59","end_date_details":{"year":"2022","month":"07","day":"16","hour":"02","minutes":"59","seconds":"59"},"utc_start_date":"2022-07-15 01:00:00","utc_start_date_details":{"year":"2022","month":"07","day":"15","hour":"01","minutes":"00","seconds":"00"},"utc_end_date":"2022-07-16 00:59:59","utc_end_date_details":{"year":"2022","month":"07","day":"16","hour":"00","minutes":"59","seconds":"59"},"timezone":"Europe\/Madrid","timezone_abbr":"CEST","cost":"49\u20ac","cost_details":{"currency_symbol":"","currency_code":"","currency_position":"suffix","values":["49"]},"website":"https:\/\/www.morrinafestival.com\/entradas\/","show_map":true,"show_map_link":true,"hide_from_listings":false,"sticky":false,"featured":false,"categories":[{"name":"Festivais","slug":"festivais","term_group":0,"term_taxonomy_id":18,"taxonomy":"tribe_events_cat","description":"","parent":0,"count":123,"filter":"raw","term_order":"0","id":18,"urls":{"self":"https:\/\/concertosdoxacobeo.gal\/2021\/wp-json\/tribe\/events\/v1\/categories\/18","collection":"https:\/\/concertosdoxacobeo.gal\/2021\/wp-json\/tribe\/events\/v1\/categories"}}],"tags":[],"venue":{"id":1047,"author":"1","status":"publish","date":"2022-08-04 19:50:33","date_utc":"2022-08-04 17:50:33","modified":"2022-08-08 12:57:21","modified_utc":"2022-08-08 10:57:21","url":"https:\/\/concertosdoxacobeo.gal\/2021\/recinto\/estadio-de-riazor-a-coruna\/","venue":"Estadio de Riazor, A Coru\u00f1a","slug":"estadio-de-riazor-a-coruna","address":"R\u00faa Manuel Murgu\u00eda, S\/N","country":"Spain","province":"A Coru\u00f1a","zip":"15011","stateprovince":"A Coru\u00f1a","geo_lat":43.368710600676,"geo_lng":-8.4175210509265,"json_ld":{"@type":"Place","name":"Estadio de Riazor, A Coru\u00f1a","description":"","url":"https:\/\/concertosdoxacobeo.gal\/2021\/recinto\/estadio-de-riazor-a-coruna\/","address":{"@type":"PostalAddress","streetAddress":"R\u00faa Manuel Murgu\u00eda, S\/N","addressRegion":"A Coru\u00f1a","postalCode":"15011","addressCountry":"Spain"},"geo":{"@type":"GeoCoordinates","latitude":43.368710600676,"longitude":-8.4175210509265},"telephone":"","sameAs":""},"show_map":true,"show_map_link":true,"global_id":"concertosdoxacobeo.gal\/2021?id=1047","global_id_lineage":["concertosdoxacobeo.gal\/2021?id=1047"]},"organizer":[{"id":1048,"author":"1","status":"publish","date":"2022-08-04 19:50:34","date_utc":"2022-08-04 17:50:34","modified":"2022-08-04 19:50:34","modified_utc":"2022-08-04 17:50:34","url":"https:\/\/concertosdoxacobeo.gal\/2021\/protagonista\/maluma\/","organizer":"Maluma","slug":"maluma","json_ld":{"@type":"Person","name":"Maluma","description":"","url":"","telephone":"","email":"","sameAs":""},"global_id":"concertosdoxacobeo.gal\/2021?id=1048","global_id_lineage":["concertosdoxacobeo.gal\/2021?id=1048"]},{"id":1049,"author":"1","status":"publish","date":"2022-08-04 19:50:34","date_utc":"2022-08-04 17:50:34","modified":"2022-08-04 19:50:34","modified_utc":"2022-08-04 17:50:34","url":"https:\/\/concertosdoxacobeo.gal\/2021\/protagonista\/black-eyed-peas\/","organizer":"Black Eyed Peas","slug":"black-eyed-peas","json_ld":{"@type":"Person","name":"Black Eyed Peas","description":"","url":"","telephone":"","email":"","sameAs":""},"global_id":"concertosdoxacobeo.gal\/2021?id=1049","global_id_lineage":["concertosdoxacobeo.gal\/2021?id=1049"]},{"id":1050,"author":"1","status":"publish","date":"2022-08-04 19:50:34","date_utc":"2022-08-04 17:50:34","modified":"2022-08-04 19:50:34","modified_utc":"2022-08-04 17:50:34","url":"https:\/\/concertosdoxacobeo.gal\/2021\/protagonista\/ozuna\/","organizer":"Ozuna","slug":"ozuna","json_ld":{"@type":"Person","name":"Ozuna","description":"","url":"","telephone":"","email":"","sameAs":""},"global_id":"concertosdoxacobeo.gal\/2021?id=1050","global_id_lineage":["concertosdoxacobeo.gal\/2021?id=1050"]},{"id":1051,"author":"1","status":"publish","date":"2022-08-04 19:50:34","date_utc":"2022-08-04 17:50:34","modified":"2022-08-04 19:50:34","modified_utc":"2022-08-04 17:50:34","url":"https:\/\/concertosdoxacobeo.gal\/2021\/protagonista\/franz-ferdinand\/","organizer":"Franz Ferdinand","slug":"franz-ferdinand","json_ld":{"@type":"Person","name":"Franz Ferdinand","description":"","url":"","telephone":"","email":"","sameAs":""},"global_id":"concertosdoxacobeo.gal\/2021?id=1051","global_id_lineage":["concertosdoxacobeo.gal\/2021?id=1051"]},{"id":1052,"author":"1","status":"publish","date":"2022-08-04 19:50:34","date_utc":"2022-08-04 17:50:34","modified":"2022-08-04 19:50:34","modified_utc":"2022-08-04 17:50:34","url":"https:\/\/concertosdoxacobeo.gal\/2021\/protagonista\/crystal-fighters\/","organizer":"Crystal Fighters","slug":"crystal-fighters","json_ld":{"@type":"Person","name":"Crystal Fighters","description":"","url":"","telephone":"","email":"","sameAs":""},"global_id":"concertosdoxacobeo.gal\/2021?id=1052","global_id_lineage":["concertosdoxacobeo.gal\/2021?id=1052"]},{"id":933,"author":"1","status":"publish","date":"2022-08-04 10:45:49","date_utc":"2022-08-04 08:45:49","modified":"2022-08-04 10:45:49","modified_utc":"2022-08-04 08:45:49","url":"https:\/\/concertosdoxacobeo.gal\/2021\/protagonista\/duki\/","organizer":"Duki","slug":"duki","json_ld":{"@type":"Person","name":"Duki","description":"","url":"","telephone":"","email":"","sameAs":""},"global_id":"concertosdoxacobeo.gal\/2021?id=933","global_id_lineage":["concertosdoxacobeo.gal\/2021?id=933"]},{"id":1053,"author":"1","status":"publish","date":"2022-08-04 19:50:35","date_utc":"2022-08-04 17:50:35","modified":"2022-08-04 19:50:35","modified_utc":"2022-08-04 17:50:35","url":"https:\/\/concertosdoxacobeo.gal\/2021\/protagonista\/lost-frequencies\/","organizer":"Lost Frequencies","slug":"lost-frequencies","json_ld":{"@type":"Person","name":"Lost Frequencies","description":"","url":"","telephone":"","email":"","sameAs":""},"global_id":"concertosdoxacobeo.gal\/2021?id=1053","global_id_lineage":["concertosdoxacobeo.gal\/2021?id=1053"]},{"id":641,"author":"1","status":"publish","date":"2022-08-03 20:49:46","date_utc":"2022-08-03 18:49:46","modified":"2022-08-03 20:49:46","modified_utc":"2022-08-03 18:49:46","url":"https:\/\/concertosdoxacobeo.gal\/2021\/protagonista\/xoel-lopez\/","organizer":"Xoel L\u00f3pez","slug":"xoel-lopez","website":"https:\/\/xoel.com","json_ld":{"@type":"Person","name":"Xoel L\u00f3pez","description":"","url":"https:\/\/xoel.com","telephone":"","email":"","sameAs":"https:\/\/xoel.com"},"global_id":"concertosdoxacobeo.gal\/2021?id=641","global_id_lineage":["concertosdoxacobeo.gal\/2021?id=641"]},{"id":919,"author":"1","status":"publish","date":"2022-08-04 10:45:46","date_utc":"2022-08-04 08:45:46","modified":"2022-08-04 10:45:46","modified_utc":"2022-08-04 08:45:46","url":"https:\/\/concertosdoxacobeo.gal\/2021\/protagonista\/lola-indigo\/","organizer":"Lola \u00cdndigo","slug":"lola-indigo","json_ld":{"@type":"Person","name":"Lola \u00cdndigo","description":"","url":"","telephone":"","email":"","sameAs":""},"global_id":"concertosdoxacobeo.gal\/2021?id=919","global_id_lineage":["concertosdoxacobeo.gal\/2021?id=919"]},{"id":839,"author":"1","status":"publish","date":"2022-08-04 01:31:08","date_utc":"2022-08-03 23:31:08","modified":"2022-08-04 01:31:08","modified_utc":"2022-08-03 23:31:08","url":"https:\/\/concertosdoxacobeo.gal\/2021\/protagonista\/viva-suecia\/","organizer":"Viva Suecia","slug":"viva-suecia","json_ld":{"@type":"Person","name":"Viva Suecia","description":"","url":"","telephone":"","email":"","sameAs":""},"global_id":"concertosdoxacobeo.gal\/2021?id=839","global_id_lineage":["concertosdoxacobeo.gal\/2021?id=839"]},{"id":1054,"author":"1","status":"publish","date":"2022-08-04 19:50:35","date_utc":"2022-08-04 17:50:35","modified":"2022-08-04 19:50:35","modified_utc":"2022-08-04 17:50:35","url":"https:\/\/concertosdoxacobeo.gal\/2021\/protagonista\/funzo-baby-loud\/","organizer":"Funzo &#038; Baby Loud","slug":"funzo-baby-loud","json_ld":{"@type":"Person","name":"Funzo &#038; Baby Loud","description":"","url":"","telephone":"","email":"","sameAs":""},"global_id":"concertosdoxacobeo.gal\/2021?id=1054","global_id_lineage":["concertosdoxacobeo.gal\/2021?id=1054"]},{"id":1055,"author":"1","status":"publish","date":"2022-08-04 19:50:35","date_utc":"2022-08-04 17:50:35","modified":"2022-08-04 19:50:35","modified_utc":"2022-08-04 17:50:35","url":"https:\/\/concertosdoxacobeo.gal\/2021\/protagonista\/vega\/","organizer":"Vega","slug":"vega","json_ld":{"@type":"Person","name":"Vega","description":"","url":"","telephone":"","email":"","sameAs":""},"global_id":"concertosdoxacobeo.gal\/2021?id=1055","global_id_lineage":["concertosdoxacobeo.gal\/2021?id=1055"]},{"id":1056,"author":"1","status":"publish","date":"2022-08-04 19:50:35","date_utc":"2022-08-04 17:50:35","modified":"2022-08-04 19:50:35","modified_utc":"2022-08-04 17:50:35","url":"https:\/\/concertosdoxacobeo.gal\/2021\/protagonista\/belen-aguilera\/","organizer":"Bel\u00e9n Aguilera","slug":"belen-aguilera","json_ld":{"@type":"Person","name":"Bel\u00e9n Aguilera","description":"","url":"","telephone":"","email":"","sameAs":""},"global_id":"concertosdoxacobeo.gal\/2021?id=1056","global_id_lineage":["concertosdoxacobeo.gal\/2021?id=1056"]}],"json_ld":{"@context":"http:\/\/schema.org","@type":"Event","name":"Morri\u00f1a Fest","description":"","image":"https:\/\/concertosdoxacobeo.gal\/2021\/wp-content\/uploads\/2022\/08\/logo-morrina.jpg","url":"https:\/\/concertosdoxacobeo.gal\/2021\/evento\/morrina-fest\/2022-07-15\/","eventAttendanceMode":"https:\/\/schema.org\/OfflineEventAttendanceMode","startDate":"2022-07-15T03:00:00+02:00","endDate":"2022-07-16T02:59:59+02:00","location":{"@type":"Place","name":"Estadio de Riazor, A Coru\u00f1a","description":"","url":"https:\/\/concertosdoxacobeo.gal\/2021\/recinto\/estadio-de-riazor-a-coruna\/","address":{"@type":"PostalAddress","streetAddress":"R\u00faa Manuel Murgu\u00eda, S\/N","addressRegion":"A Coru\u00f1a","postalCode":"15011","addressCountry":"Spain"},"geo":{"@type":"GeoCoordinates","latitude":43.368710600676,"longitude":-8.4175210509265},"telephone":"","sameAs":""},"organizer":{"@type":"Person","name":"Maluma","description":"","url":"","telephone":"","email":"","sameAs":""},"offers":{"@type":"Offer","price":"49","priceCurrency":"EUR","url":"https:\/\/concertosdoxacobeo.gal\/2021\/evento\/morrina-fest\/2022-07-15\/","category":"primary","availability":"inStock","validFrom":"1970-01-01T00:00:00+00:00"},"performer":"Organization"}}