{"id":3850,"global_id":"concertosdoxacobeo.gal\/2021\/es\/?id=3850","global_id_lineage":["concertosdoxacobeo.gal\/2021\/es\/?id=3850"],"author":"1","status":"publish","date":"2022-08-03 18:49:57","date_utc":"2022-08-03 16:49:57","modified":"2022-08-03 18:49:57","modified_utc":"2022-08-03 16:49:57","url":"https:\/\/concertosdoxacobeo.gal\/2021\/es\/evento\/noia-harp-fest\/2022-08-05\/","rest_url":"https:\/\/concertosdoxacobeo.gal\/2021\/es\/wp-json\/tribe\/events\/v1\/events\/3850","title":"Noia Harp Fest","description":"[vc_row type=\u00bbfull_width_background\u00bb full_screen_row_position=\u00bbmiddle\u00bb column_margin=\u00bbdefault\u00bb column_direction=\u00bbdefault\u00bb column_direction_tablet=\u00bbdefault\u00bb column_direction_phone=\u00bbdefault\u00bb scene_position=\u00bbcenter\u00bb text_color=\u00bbdark\u00bb text_align=\u00bbleft\u00bb row_border_radius=\u00bbnone\u00bb row_border_radius_applies=\u00bbbg\u00bb overflow=\u00bbvisible\u00bb advanced_gradient_angle=\u00bb0&#8243; overlay_strength=\u00bb0.3&#8243; gradient_direction=\u00bbleft_to_right\u00bb shape_divider_position=\u00bbbottom\u00bb bg_image_animation=\u00bbnone\u00bb gradient_type=\u00bbdefault\u00bb shape_type=\u00bb\u00bb][vc_column column_padding=\u00bbno-extra-padding\u00bb column_padding_tablet=\u00bbinherit\u00bb column_padding_phone=\u00bbinherit\u00bb column_padding_position=\u00bball\u00bb column_element_spacing=\u00bbdefault\u00bb background_color_opacity=\u00bb1&#8243; background_hover_color_opacity=\u00bb1&#8243; column_shadow=\u00bbnone\u00bb column_border_radius=\u00bbnone\u00bb column_link_target=\u00bb_self\u00bb column_position=\u00bbdefault\u00bb gradient_direction=\u00bbleft_to_right\u00bb overlay_strength=\u00bb0.3&#8243; width=\u00bb1\/1&#8243; tablet_width_inherit=\u00bbdefault\u00bb tablet_text_alignment=\u00bbdefault\u00bb phone_text_alignment=\u00bbdefault\u00bb animation_type=\u00bbdefault\u00bb bg_image_animation=\u00bbnone\u00bb border_type=\u00bbsimple\u00bb column_border_width=\u00bbnone\u00bb column_border_style=\u00bbsolid\u00bb][nectar_global_section id=\u00bb1270&#8243;][\/vc_column][\/vc_row]","excerpt":"","slug":"noia-harp-fest-2022-08-05","image":{"url":"https:\/\/concertosdoxacobeo.gal\/2021\/wp-content\/uploads\/2022\/08\/logo-noia-harp.jpg","id":1272,"extension":"jpg","width":1500,"height":1500,"filesize":109375,"sizes":{"medium":{"width":300,"height":300,"mime-type":"image\/jpeg","filesize":13281,"url":"https:\/\/concertosdoxacobeo.gal\/2021\/wp-content\/uploads\/2022\/08\/logo-noia-harp-300x300.jpg"},"large":{"width":1024,"height":1024,"mime-type":"image\/jpeg","filesize":56503,"url":"https:\/\/concertosdoxacobeo.gal\/2021\/wp-content\/uploads\/2022\/08\/logo-noia-harp-1024x1024.jpg"},"thumbnail":{"width":150,"height":150,"mime-type":"image\/jpeg","filesize":5251,"url":"https:\/\/concertosdoxacobeo.gal\/2021\/wp-content\/uploads\/2022\/08\/logo-noia-harp-150x150.jpg"},"medium_large":{"width":768,"height":768,"mime-type":"image\/jpeg","filesize":39987,"url":"https:\/\/concertosdoxacobeo.gal\/2021\/wp-content\/uploads\/2022\/08\/logo-noia-harp-768x768.jpg"},"portfolio-thumb_large":{"width":900,"height":604,"mime-type":"image\/jpeg","filesize":45159,"url":"https:\/\/concertosdoxacobeo.gal\/2021\/wp-content\/uploads\/2022\/08\/logo-noia-harp-900x604.jpg"},"portfolio-thumb":{"width":600,"height":403,"mime-type":"image\/jpeg","filesize":28151,"url":"https:\/\/concertosdoxacobeo.gal\/2021\/wp-content\/uploads\/2022\/08\/logo-noia-harp-600x403.jpg"},"portfolio-thumb_small":{"width":400,"height":269,"mime-type":"image\/jpeg","filesize":17790,"url":"https:\/\/concertosdoxacobeo.gal\/2021\/wp-content\/uploads\/2022\/08\/logo-noia-harp-400x269.jpg"},"portfolio-widget":{"width":100,"height":100,"mime-type":"image\/jpeg","filesize":3064,"url":"https:\/\/concertosdoxacobeo.gal\/2021\/wp-content\/uploads\/2022\/08\/logo-noia-harp-100x100.jpg"},"nectar_small_square":{"width":140,"height":140,"mime-type":"image\/jpeg","filesize":4637,"url":"https:\/\/concertosdoxacobeo.gal\/2021\/wp-content\/uploads\/2022\/08\/logo-noia-harp-140x140.jpg"},"wide":{"width":1000,"height":500,"mime-type":"image\/jpeg","filesize":40273,"url":"https:\/\/concertosdoxacobeo.gal\/2021\/wp-content\/uploads\/2022\/08\/logo-noia-harp-1000x500.jpg"},"wide_small":{"width":670,"height":335,"mime-type":"image\/jpeg","filesize":25420,"url":"https:\/\/concertosdoxacobeo.gal\/2021\/wp-content\/uploads\/2022\/08\/logo-noia-harp-670x335.jpg"},"regular":{"width":500,"height":500,"mime-type":"image\/jpeg","filesize":24069,"url":"https:\/\/concertosdoxacobeo.gal\/2021\/wp-content\/uploads\/2022\/08\/logo-noia-harp-500x500.jpg"},"regular_small":{"width":350,"height":350,"mime-type":"image\/jpeg","filesize":15921,"url":"https:\/\/concertosdoxacobeo.gal\/2021\/wp-content\/uploads\/2022\/08\/logo-noia-harp-350x350.jpg"},"tall":{"width":500,"height":1000,"mime-type":"image\/jpeg","filesize":40790,"url":"https:\/\/concertosdoxacobeo.gal\/2021\/wp-content\/uploads\/2022\/08\/logo-noia-harp-500x1000.jpg"},"wide_tall":{"width":1000,"height":1000,"mime-type":"image\/jpeg","filesize":55113,"url":"https:\/\/concertosdoxacobeo.gal\/2021\/wp-content\/uploads\/2022\/08\/logo-noia-harp-1000x1000.jpg"},"wide_photography":{"width":900,"height":600,"mime-type":"image\/jpeg","filesize":45004,"url":"https:\/\/concertosdoxacobeo.gal\/2021\/wp-content\/uploads\/2022\/08\/logo-noia-harp-900x600.jpg"},"large_featured":{"width":1500,"height":770,"mime-type":"image\/jpeg","filesize":70311,"url":"https:\/\/concertosdoxacobeo.gal\/2021\/wp-content\/uploads\/2022\/08\/logo-noia-harp-1500x770.jpg"},"medium_featured":{"width":800,"height":800,"mime-type":"image\/jpeg","filesize":41871,"url":"https:\/\/concertosdoxacobeo.gal\/2021\/wp-content\/uploads\/2022\/08\/logo-noia-harp-800x800.jpg"}}},"all_day":true,"start_date":"2022-08-05 03:00:00","start_date_details":{"year":"2022","month":"08","day":"05","hour":"03","minutes":"00","seconds":"00"},"end_date":"2022-08-06 02:59:59","end_date_details":{"year":"2022","month":"08","day":"06","hour":"02","minutes":"59","seconds":"59"},"utc_start_date":"2022-08-05 01:00:00","utc_start_date_details":{"year":"2022","month":"08","day":"05","hour":"01","minutes":"00","seconds":"00"},"utc_end_date":"2022-08-06 00:59:59","utc_end_date_details":{"year":"2022","month":"08","day":"06","hour":"00","minutes":"59","seconds":"59"},"timezone":"Europe\/Madrid","timezone_abbr":"","cost":"Gratuito","cost_details":{"currency_symbol":"","currency_code":"","currency_position":"suffix","values":["0"]},"website":"","show_map":true,"show_map_link":true,"hide_from_listings":false,"sticky":false,"featured":false,"categories":[{"name":"Festivales","slug":"festivais","term_group":0,"term_taxonomy_id":38,"taxonomy":"tribe_events_cat","description":"","parent":0,"count":101,"filter":"raw","term_order":"0","id":38,"urls":{"self":"https:\/\/concertosdoxacobeo.gal\/2021\/es\/wp-json\/tribe\/events\/v1\/categories\/38","collection":"https:\/\/concertosdoxacobeo.gal\/2021\/es\/wp-json\/tribe\/events\/v1\/categories"}}],"tags":[],"venue":{"id":3646,"author":"1","status":"publish","date":"2022-08-04 22:43:20","date_utc":"2022-08-04 20:43:20","modified":"2022-08-04 22:43:20","modified_utc":"2022-08-04 20:43:20","url":"https:\/\/concertosdoxacobeo.gal\/2021\/es\/local\/praza-do-tapal-noia\/","venue":"Praza do Tapal, Noia","slug":"praza-do-tapal-noia","address":"Praza do Tapal","country":"Spain","province":"A Coru\u00f1a","zip":"15200","phone":"Y otros 3 escenarios: Iglesia de Santa Mar\u00eda A Nova, Jardines de la Central Hidroel\u00e9ctrica del Tambre y Auditorio al aire libre del complejo Caba\u00f1itas del Bosque de Albeida en Outes.","stateprovince":"A Coru\u00f1a","geo_lat":42.782264785236,"geo_lng":-8.8889245403467,"json_ld":{"@type":"Place","name":"Praza do Tapal, Noia","description":"","url":"https:\/\/concertosdoxacobeo.gal\/2021\/es\/local\/praza-do-tapal-noia\/","address":{"@type":"PostalAddress","streetAddress":"Praza do Tapal","addressRegion":"A Coru\u00f1a","postalCode":"15200","addressCountry":"Spain"},"geo":{"@type":"GeoCoordinates","latitude":42.782264785236,"longitude":-8.8889245403467},"telephone":"Y otros 3 escenarios: Iglesia de Santa Mar\u00eda A Nova, Jardines de la Central Hidroel\u00e9ctrica del Tambre y Auditorio al aire libre del complejo Caba\u00f1itas del Bosque de Albeida en Outes.","sameAs":""},"show_map":true,"show_map_link":true,"global_id":"concertosdoxacobeo.gal\/2021\/es\/?id=3646","global_id_lineage":["concertosdoxacobeo.gal\/2021\/es\/?id=3646"]},"organizer":[{"id":3317,"author":"1","status":"publish","date":"2022-08-04 22:43:21","date_utc":"2022-08-04 20:43:21","modified":"2022-08-04 22:43:21","modified_utc":"2022-08-04 20:43:21","url":"https:\/\/concertosdoxacobeo.gal\/2021\/es\/organizador\/savourna-stevenson\/","organizer":"Savourna Stevenson","slug":"savourna-stevenson","json_ld":{"@type":"Person","name":"Savourna Stevenson","description":"","url":"","telephone":"","email":"","sameAs":""},"global_id":"concertosdoxacobeo.gal\/2021\/es\/?id=3317","global_id_lineage":["concertosdoxacobeo.gal\/2021\/es\/?id=3317"]},{"id":3316,"author":"1","status":"publish","date":"2022-08-04 22:43:21","date_utc":"2022-08-04 20:43:21","modified":"2022-08-04 22:43:21","modified_utc":"2022-08-04 20:43:21","url":"https:\/\/concertosdoxacobeo.gal\/2021\/es\/organizador\/steve-kettley\/","organizer":"Steve Kettley","slug":"steve-kettley","json_ld":{"@type":"Person","name":"Steve Kettley","description":"","url":"","telephone":"","email":"","sameAs":""},"global_id":"concertosdoxacobeo.gal\/2021\/es\/?id=3316","global_id_lineage":["concertosdoxacobeo.gal\/2021\/es\/?id=3316"]},{"id":3318,"author":"1","status":"publish","date":"2022-08-04 22:43:21","date_utc":"2022-08-04 20:43:21","modified":"2022-08-04 22:43:21","modified_utc":"2022-08-04 20:43:21","url":"https:\/\/concertosdoxacobeo.gal\/2021\/es\/organizador\/hermanos-corbalan\/","organizer":"Hermanos Corbal\u00e1n","slug":"hermanos-corbalan","json_ld":{"@type":"Person","name":"Hermanos Corbal\u00e1n","description":"","url":"","telephone":"","email":"","sameAs":""},"global_id":"concertosdoxacobeo.gal\/2021\/es\/?id=3318","global_id_lineage":["concertosdoxacobeo.gal\/2021\/es\/?id=3318"]},{"id":3312,"author":"1","status":"publish","date":"2022-08-04 22:43:22","date_utc":"2022-08-04 20:43:22","modified":"2022-08-04 22:43:22","modified_utc":"2022-08-04 20:43:22","url":"https:\/\/concertosdoxacobeo.gal\/2021\/es\/organizador\/kora-jazz-trio\/","organizer":"Kora Jazz Trio","slug":"kora-jazz-trio","json_ld":{"@type":"Person","name":"Kora Jazz Trio","description":"","url":"","telephone":"","email":"","sameAs":""},"global_id":"concertosdoxacobeo.gal\/2021\/es\/?id=3312","global_id_lineage":["concertosdoxacobeo.gal\/2021\/es\/?id=3312"]},{"id":3313,"author":"1","status":"publish","date":"2022-08-04 22:43:22","date_utc":"2022-08-04 20:43:22","modified":"2022-08-04 22:43:22","modified_utc":"2022-08-04 20:43:22","url":"https:\/\/concertosdoxacobeo.gal\/2021\/es\/organizador\/clotilde-trouillaud\/","organizer":"Clotilde Trouillaud","slug":"clotilde-trouillaud","json_ld":{"@type":"Person","name":"Clotilde Trouillaud","description":"","url":"","telephone":"","email":"","sameAs":""},"global_id":"concertosdoxacobeo.gal\/2021\/es\/?id=3313","global_id_lineage":["concertosdoxacobeo.gal\/2021\/es\/?id=3313"]},{"id":3314,"author":"1","status":"publish","date":"2022-08-04 22:43:22","date_utc":"2022-08-04 20:43:22","modified":"2022-08-04 22:43:22","modified_utc":"2022-08-04 20:43:22","url":"https:\/\/concertosdoxacobeo.gal\/2021\/es\/organizador\/paula-ceremuzynksa\/","organizer":"Paula Ceremuzynksa","slug":"paula-ceremuzynksa","json_ld":{"@type":"Person","name":"Paula Ceremuzynksa","description":"","url":"","telephone":"","email":"","sameAs":""},"global_id":"concertosdoxacobeo.gal\/2021\/es\/?id=3314","global_id_lineage":["concertosdoxacobeo.gal\/2021\/es\/?id=3314"]},{"id":3315,"author":"1","status":"publish","date":"2022-08-04 22:43:22","date_utc":"2022-08-04 20:43:22","modified":"2022-08-04 22:43:22","modified_utc":"2022-08-04 20:43:22","url":"https:\/\/concertosdoxacobeo.gal\/2021\/es\/organizador\/manuel-vilas\/","organizer":"Manuel Vilas","slug":"manuel-vilas","json_ld":{"@type":"Person","name":"Manuel Vilas","description":"","url":"","telephone":"","email":"","sameAs":""},"global_id":"concertosdoxacobeo.gal\/2021\/es\/?id=3315","global_id_lineage":["concertosdoxacobeo.gal\/2021\/es\/?id=3315"]},{"id":3308,"author":"1","status":"publish","date":"2022-08-04 22:43:23","date_utc":"2022-08-04 20:43:23","modified":"2022-08-04 22:43:23","modified_utc":"2022-08-04 20:43:23","url":"https:\/\/concertosdoxacobeo.gal\/2021\/es\/organizador\/beatriz-martinez\/","organizer":"Beatriz Mart\u00ednez","slug":"beatriz-martinez","json_ld":{"@type":"Person","name":"Beatriz Mart\u00ednez","description":"","url":"","telephone":"","email":"","sameAs":""},"global_id":"concertosdoxacobeo.gal\/2021\/es\/?id=3308","global_id_lineage":["concertosdoxacobeo.gal\/2021\/es\/?id=3308"]},{"id":3309,"author":"1","status":"publish","date":"2022-08-04 22:43:23","date_utc":"2022-08-04 20:43:23","modified":"2022-08-04 22:43:23","modified_utc":"2022-08-04 20:43:23","url":"https:\/\/concertosdoxacobeo.gal\/2021\/es\/organizador\/rafa-fernandez-trio\/","organizer":"Rafa Fern\u00e1ndez Trio","slug":"rafa-fernandez-trio","json_ld":{"@type":"Person","name":"Rafa Fern\u00e1ndez Trio","description":"","url":"","telephone":"","email":"","sameAs":""},"global_id":"concertosdoxacobeo.gal\/2021\/es\/?id=3309","global_id_lineage":["concertosdoxacobeo.gal\/2021\/es\/?id=3309"]},{"id":3310,"author":"1","status":"publish","date":"2022-08-04 22:43:23","date_utc":"2022-08-04 20:43:23","modified":"2022-08-04 22:43:23","modified_utc":"2022-08-04 20:43:23","url":"https:\/\/concertosdoxacobeo.gal\/2021\/es\/organizador\/anna-amigo\/","organizer":"Anna Amig\u00f3","slug":"anna-amigo","json_ld":{"@type":"Person","name":"Anna Amig\u00f3","description":"","url":"","telephone":"","email":"","sameAs":""},"global_id":"concertosdoxacobeo.gal\/2021\/es\/?id=3310","global_id_lineage":["concertosdoxacobeo.gal\/2021\/es\/?id=3310"]},{"id":3311,"author":"1","status":"publish","date":"2022-08-04 22:43:23","date_utc":"2022-08-04 20:43:23","modified":"2022-08-04 22:43:23","modified_utc":"2022-08-04 20:43:23","url":"https:\/\/concertosdoxacobeo.gal\/2021\/es\/organizador\/trio-clepsidra\/","organizer":"Tr\u00edo Clepsidra","slug":"trio-clepsidra","json_ld":{"@type":"Person","name":"Tr\u00edo Clepsidra","description":"","url":"","telephone":"","email":"","sameAs":""},"global_id":"concertosdoxacobeo.gal\/2021\/es\/?id=3311","global_id_lineage":["concertosdoxacobeo.gal\/2021\/es\/?id=3311"]},{"id":3307,"author":"1","status":"publish","date":"2022-08-04 22:43:24","date_utc":"2022-08-04 20:43:24","modified":"2022-08-04 22:43:24","modified_utc":"2022-08-04 20:43:24","url":"https:\/\/concertosdoxacobeo.gal\/2021\/es\/organizador\/bleuenn-le-friec\/","organizer":"Bleuenn le Friec","slug":"bleuenn-le-friec","json_ld":{"@type":"Person","name":"Bleuenn le Friec","description":"","url":"","telephone":"","email":"","sameAs":""},"global_id":"concertosdoxacobeo.gal\/2021\/es\/?id=3307","global_id_lineage":["concertosdoxacobeo.gal\/2021\/es\/?id=3307"]}],"json_ld":{"@context":"http:\/\/schema.org","@type":"Event","name":"Noia Harp Fest","description":"","image":"https:\/\/concertosdoxacobeo.gal\/2021\/wp-content\/uploads\/2022\/08\/logo-noia-harp.jpg","url":"https:\/\/concertosdoxacobeo.gal\/2021\/es\/evento\/noia-harp-fest\/2022-08-05\/","eventAttendanceMode":"https:\/\/schema.org\/OfflineEventAttendanceMode","startDate":"2022-08-05T03:00:00+02:00","endDate":"2022-08-06T02:59:59+02:00","location":{"@type":"Place","name":"Praza do Tapal, Noia","description":"","url":"https:\/\/concertosdoxacobeo.gal\/2021\/es\/local\/praza-do-tapal-noia\/","address":{"@type":"PostalAddress","streetAddress":"Praza do Tapal","addressRegion":"A Coru\u00f1a","postalCode":"15200","addressCountry":"Spain"},"geo":{"@type":"GeoCoordinates","latitude":42.782264785236,"longitude":-8.8889245403467},"telephone":"Y otros 3 escenarios: Iglesia de Santa Mar\u00eda A Nova, Jardines de la Central Hidroel\u00e9ctrica del Tambre y Auditorio al aire libre del complejo Caba\u00f1itas del Bosque de Albeida en Outes.","sameAs":""},"organizer":{"@type":"Person","name":"Savourna Stevenson","description":"","url":"","telephone":"","email":"","sameAs":""},"offers":{"@type":"Offer","price":"0","priceCurrency":"EUR","url":"https:\/\/concertosdoxacobeo.gal\/2021\/es\/evento\/noia-harp-fest\/2022-08-05\/","category":"primary","availability":"inStock","validFrom":"1970-01-01T00:00:00+00:00"},"performer":"Organization"}}